{"id":7906,"date":"2024-09-24T16:57:00","date_gmt":"2024-09-24T14:57:00","guid":{"rendered":"https:\/\/groetschelgruppe.de\/groetschel-gmbh-receives-top-employer-award-2024\/"},"modified":"2026-02-04T15:03:39","modified_gmt":"2026-02-04T14:03:39","slug":"groetschel-gmbh-receives-top-employer-award-2024","status":"publish","type":"post","link":"https:\/\/groetschelgruppe.de\/en\/groetschel-gmbh-receives-top-employer-award-2024\/","title":{"rendered":"Gr\u00f6tschel GmbH receives TOP Employer Award 2024"},"content":{"rendered":"\n<p>In September 2024, Gr\u00f6tschel GmbH was honored with the <strong>TOP Employer Award<\/strong> \u2013 a recognition that fills us with pride and simultaneously encourages us to consistently pursue our path as a responsible and future-oriented employer.<\/p>\n\n<p>Our employees are the foundation of our success \u2013 dedicated, qualified, and indispensable for the continued development of the Gr\u00f6tschel Group. It is therefore all the more important for us to create optimal conditions that not only facilitate daily work but also sustainably promote <strong>well-being and health<\/strong>.<\/p>\n\n<p>A central component of this is our <strong>Health Benefit System<\/strong> in cooperation with <strong>FAIRFAMILY<\/strong> \u2013 a modern, employee-oriented program that actively supports individual health. It is based on three pillars:<\/p>\n\n<ol start=\"1\" class=\"wp-block-list\">\n<li><strong>Health Budget<\/strong>: Up to \u20ac900 per year for individual health services such as massages, visual aids, or alternative treatments.<\/li>\n\n\n\n<li><strong>Health Service<\/strong>: Support in quickly arranging appointments with specialists.<\/li>\n\n\n\n<li><strong>Digital Health Coach<\/strong>: Via an app, employees gain access to numerous coaching sessions and programs related to mindfulness, concentration, exercise, and more.<\/li>\n<\/ol>\n\n<p>With this comprehensive approach, we create real added value \u2013 for each individual and for the collective whole. The TOP Employer award is a positive signal that we are on the right track. And it strengthens us in our aspiration:<br\/><strong>To create a working environment that motivates, connects \u2013 and offers perspectives. Simply better together. Today and in the future.<\/strong><\/p>\n","protected":false},"excerpt":{"rendered":"<p>In September 2024, Gr\u00f6tschel GmbH was honored with the TOP Employer Award \u2013 a recognition that fills us with pride and simultaneously encourages us to consistently pursue our path as a responsible and future-oriented employer.<\/p>\n","protected":false},"author":1,"featured_media":7907,"comment_status":"closed","ping_status":"closed","sticky":false,"template":"","format":"standard","meta":{"_acf_changed":false,"footnotes":""},"categories":[80],"tags":[],"class_list":["post-7906","post","type-post","status-publish","format-standard","has-post-thumbnail","hentry","category-insides"],"acf":[],"yoast_head":"<!-- This site is optimized with the Yoast SEO plugin v27.0 - https:\/\/yoast.com\/product\/yoast-seo-wordpress\/ -->\n<title>Gr\u00f6tschel GmbH receives TOP Employer Award 2024 | Gr\u00f6tschel<\/title>\n<meta name=\"robots\" content=\"index, follow, max-snippet:-1, max-image-preview:large, max-video-preview:-1\" \/>\n<link rel=\"canonical\" href=\"https:\/\/groetschelgruppe.de\/en\/groetschel-gmbh-receives-top-employer-award-2024\/\" \/>\n<meta property=\"og:locale\" content=\"en_US\" \/>\n<meta property=\"og:type\" content=\"article\" \/>\n<meta property=\"og:title\" content=\"Gr\u00f6tschel GmbH receives TOP Employer Award 2024 | Gr\u00f6tschel\" \/>\n<meta property=\"og:description\" content=\"In September 2024, Gr\u00f6tschel GmbH was honored with the TOP Employer Award \u2013 a recognition that fills us with pride and simultaneously encourages us to consistently pursue our path as a responsible and future-oriented employer.\" \/>\n<meta property=\"og:url\" content=\"https:\/\/groetschelgruppe.de\/en\/groetschel-gmbh-receives-top-employer-award-2024\/\" \/>\n<meta property=\"og:site_name\" content=\"Gr\u00f6tschel\" \/>\n<meta property=\"article:published_time\" content=\"2024-09-24T14:57:00+00:00\" \/>\n<meta property=\"article:modified_time\" content=\"2026-02-04T14:03:39+00:00\" \/>\n<meta property=\"og:image\" content=\"https:\/\/groetschelgruppe.de\/wp-content\/uploads\/2025\/05\/Datei_0B00863B-80DA-45FB-BBB6-0BE772297E68-scaled.jpeg\" \/>\n\t<meta property=\"og:image:width\" content=\"2560\" \/>\n\t<meta property=\"og:image:height\" content=\"1707\" \/>\n\t<meta property=\"og:image:type\" content=\"image\/jpeg\" \/>\n<meta name=\"author\" content=\"julius\" \/>\n<meta name=\"twitter:card\" content=\"summary_large_image\" \/>\n<meta name=\"twitter:label1\" content=\"Written by\" \/>\n\t<meta name=\"twitter:data1\" content=\"julius\" \/>\n\t<meta name=\"twitter:label2\" content=\"Est. reading time\" \/>\n\t<meta name=\"twitter:data2\" content=\"1 minute\" \/>\n<script type=\"application\/ld+json\" class=\"yoast-schema-graph\">{\"@context\":\"https:\/\/schema.org\",\"@graph\":[{\"@type\":\"Article\",\"@id\":\"https:\/\/groetschelgruppe.de\/en\/groetschel-gmbh-receives-top-employer-award-2024\/#article\",\"isPartOf\":{\"@id\":\"https:\/\/groetschelgruppe.de\/en\/groetschel-gmbh-receives-top-employer-award-2024\/\"},\"author\":{\"name\":\"julius\",\"@id\":\"https:\/\/groetschelgruppe.de\/en\/#\/schema\/person\/82a70736e04e3893ea5e11fed05f9041\"},\"headline\":\"Gr\u00f6tschel GmbH receives TOP Employer Award 2024\",\"datePublished\":\"2024-09-24T14:57:00+00:00\",\"dateModified\":\"2026-02-04T14:03:39+00:00\",\"mainEntityOfPage\":{\"@id\":\"https:\/\/groetschelgruppe.de\/en\/groetschel-gmbh-receives-top-employer-award-2024\/\"},\"wordCount\":224,\"publisher\":{\"@id\":\"https:\/\/groetschelgruppe.de\/en\/#organization\"},\"image\":{\"@id\":\"https:\/\/groetschelgruppe.de\/en\/groetschel-gmbh-receives-top-employer-award-2024\/#primaryimage\"},\"thumbnailUrl\":\"https:\/\/groetschelgruppe.de\/wp-content\/uploads\/2025\/05\/Datei_0B00863B-80DA-45FB-BBB6-0BE772297E68-scaled.jpeg\",\"articleSection\":[\"Insides\"],\"inLanguage\":\"en-US\"},{\"@type\":\"WebPage\",\"@id\":\"https:\/\/groetschelgruppe.de\/en\/groetschel-gmbh-receives-top-employer-award-2024\/\",\"url\":\"https:\/\/groetschelgruppe.de\/en\/groetschel-gmbh-receives-top-employer-award-2024\/\",\"name\":\"Gr\u00f6tschel GmbH receives TOP Employer Award 2024 | Gr\u00f6tschel\",\"isPartOf\":{\"@id\":\"https:\/\/groetschelgruppe.de\/en\/#website\"},\"primaryImageOfPage\":{\"@id\":\"https:\/\/groetschelgruppe.de\/en\/groetschel-gmbh-receives-top-employer-award-2024\/#primaryimage\"},\"image\":{\"@id\":\"https:\/\/groetschelgruppe.de\/en\/groetschel-gmbh-receives-top-employer-award-2024\/#primaryimage\"},\"thumbnailUrl\":\"https:\/\/groetschelgruppe.de\/wp-content\/uploads\/2025\/05\/Datei_0B00863B-80DA-45FB-BBB6-0BE772297E68-scaled.jpeg\",\"datePublished\":\"2024-09-24T14:57:00+00:00\",\"dateModified\":\"2026-02-04T14:03:39+00:00\",\"breadcrumb\":{\"@id\":\"https:\/\/groetschelgruppe.de\/en\/groetschel-gmbh-receives-top-employer-award-2024\/#breadcrumb\"},\"inLanguage\":\"en-US\",\"potentialAction\":[{\"@type\":\"ReadAction\",\"target\":[\"https:\/\/groetschelgruppe.de\/en\/groetschel-gmbh-receives-top-employer-award-2024\/\"]}]},{\"@type\":\"ImageObject\",\"inLanguage\":\"en-US\",\"@id\":\"https:\/\/groetschelgruppe.de\/en\/groetschel-gmbh-receives-top-employer-award-2024\/#primaryimage\",\"url\":\"https:\/\/groetschelgruppe.de\/wp-content\/uploads\/2025\/05\/Datei_0B00863B-80DA-45FB-BBB6-0BE772297E68-scaled.jpeg\",\"contentUrl\":\"https:\/\/groetschelgruppe.de\/wp-content\/uploads\/2025\/05\/Datei_0B00863B-80DA-45FB-BBB6-0BE772297E68-scaled.jpeg\",\"width\":2560,\"height\":1707},{\"@type\":\"BreadcrumbList\",\"@id\":\"https:\/\/groetschelgruppe.de\/en\/groetschel-gmbh-receives-top-employer-award-2024\/#breadcrumb\",\"itemListElement\":[{\"@type\":\"ListItem\",\"position\":1,\"name\":\"Startseite\",\"item\":\"https:\/\/groetschelgruppe.de\/en\/home\/\"},{\"@type\":\"ListItem\",\"position\":2,\"name\":\"Gr\u00f6tschel GmbH receives TOP Employer Award 2024\"}]},{\"@type\":\"WebSite\",\"@id\":\"https:\/\/groetschelgruppe.de\/en\/#website\",\"url\":\"https:\/\/groetschelgruppe.de\/en\/\",\"name\":\"Gr\u00f6tschel\",\"description\":\"Stahl- und Anlagen\u00adbau\",\"publisher\":{\"@id\":\"https:\/\/groetschelgruppe.de\/en\/#organization\"},\"potentialAction\":[{\"@type\":\"SearchAction\",\"target\":{\"@type\":\"EntryPoint\",\"urlTemplate\":\"https:\/\/groetschelgruppe.de\/en\/?s={search_term_string}\"},\"query-input\":{\"@type\":\"PropertyValueSpecification\",\"valueRequired\":true,\"valueName\":\"search_term_string\"}}],\"inLanguage\":\"en-US\"},{\"@type\":\"Organization\",\"@id\":\"https:\/\/groetschelgruppe.de\/en\/#organization\",\"name\":\"Gr\u00f6tschel GmbH\\u2028\",\"url\":\"https:\/\/groetschelgruppe.de\/en\/\",\"logo\":{\"@type\":\"ImageObject\",\"inLanguage\":\"en-US\",\"@id\":\"https:\/\/groetschelgruppe.de\/en\/#\/schema\/logo\/image\/\",\"url\":\"https:\/\/groetschelgruppe.de\/wp-content\/uploads\/2025\/04\/groetschel_text-bildmarke_white.svg\",\"contentUrl\":\"https:\/\/groetschelgruppe.de\/wp-content\/uploads\/2025\/04\/groetschel_text-bildmarke_white.svg\",\"width\":480,\"height\":143,\"caption\":\"Gr\u00f6tschel GmbH\\u2028\"},\"image\":{\"@id\":\"https:\/\/groetschelgruppe.de\/en\/#\/schema\/logo\/image\/\"}},{\"@type\":\"Person\",\"@id\":\"https:\/\/groetschelgruppe.de\/en\/#\/schema\/person\/82a70736e04e3893ea5e11fed05f9041\",\"name\":\"julius\",\"image\":{\"@type\":\"ImageObject\",\"inLanguage\":\"en-US\",\"@id\":\"https:\/\/groetschelgruppe.de\/en\/#\/schema\/person\/image\/\",\"url\":\"https:\/\/secure.gravatar.com\/avatar\/288447d9a1b6fe69b5ea021a992cd8e2244626ee8ba4df470acea69fdff5cb28?s=96&d=mm&r=g\",\"contentUrl\":\"https:\/\/secure.gravatar.com\/avatar\/288447d9a1b6fe69b5ea021a992cd8e2244626ee8ba4df470acea69fdff5cb28?s=96&d=mm&r=g\",\"caption\":\"julius\"}}]}<\/script>\n<!-- \/ Yoast SEO plugin. -->","yoast_head_json":{"title":"Gr\u00f6tschel GmbH receives TOP Employer Award 2024 | Gr\u00f6tschel","robots":{"index":"index","follow":"follow","max-snippet":"max-snippet:-1","max-image-preview":"max-image-preview:large","max-video-preview":"max-video-preview:-1"},"canonical":"https:\/\/groetschelgruppe.de\/en\/groetschel-gmbh-receives-top-employer-award-2024\/","og_locale":"en_US","og_type":"article","og_title":"Gr\u00f6tschel GmbH receives TOP Employer Award 2024 | Gr\u00f6tschel","og_description":"In September 2024, Gr\u00f6tschel GmbH was honored with the TOP Employer Award \u2013 a recognition that fills us with pride and simultaneously encourages us to consistently pursue our path as a responsible and future-oriented employer.","og_url":"https:\/\/groetschelgruppe.de\/en\/groetschel-gmbh-receives-top-employer-award-2024\/","og_site_name":"Gr\u00f6tschel","article_published_time":"2024-09-24T14:57:00+00:00","article_modified_time":"2026-02-04T14:03:39+00:00","og_image":[{"width":2560,"height":1707,"url":"https:\/\/groetschelgruppe.de\/wp-content\/uploads\/2025\/05\/Datei_0B00863B-80DA-45FB-BBB6-0BE772297E68-scaled.jpeg","type":"image\/jpeg"}],"author":"julius","twitter_card":"summary_large_image","twitter_misc":{"Written by":"julius","Est. reading time":"1 minute"},"schema":{"@context":"https:\/\/schema.org","@graph":[{"@type":"Article","@id":"https:\/\/groetschelgruppe.de\/en\/groetschel-gmbh-receives-top-employer-award-2024\/#article","isPartOf":{"@id":"https:\/\/groetschelgruppe.de\/en\/groetschel-gmbh-receives-top-employer-award-2024\/"},"author":{"name":"julius","@id":"https:\/\/groetschelgruppe.de\/en\/#\/schema\/person\/82a70736e04e3893ea5e11fed05f9041"},"headline":"Gr\u00f6tschel GmbH receives TOP Employer Award 2024","datePublished":"2024-09-24T14:57:00+00:00","dateModified":"2026-02-04T14:03:39+00:00","mainEntityOfPage":{"@id":"https:\/\/groetschelgruppe.de\/en\/groetschel-gmbh-receives-top-employer-award-2024\/"},"wordCount":224,"publisher":{"@id":"https:\/\/groetschelgruppe.de\/en\/#organization"},"image":{"@id":"https:\/\/groetschelgruppe.de\/en\/groetschel-gmbh-receives-top-employer-award-2024\/#primaryimage"},"thumbnailUrl":"https:\/\/groetschelgruppe.de\/wp-content\/uploads\/2025\/05\/Datei_0B00863B-80DA-45FB-BBB6-0BE772297E68-scaled.jpeg","articleSection":["Insides"],"inLanguage":"en-US"},{"@type":"WebPage","@id":"https:\/\/groetschelgruppe.de\/en\/groetschel-gmbh-receives-top-employer-award-2024\/","url":"https:\/\/groetschelgruppe.de\/en\/groetschel-gmbh-receives-top-employer-award-2024\/","name":"Gr\u00f6tschel GmbH receives TOP Employer Award 2024 | Gr\u00f6tschel","isPartOf":{"@id":"https:\/\/groetschelgruppe.de\/en\/#website"},"primaryImageOfPage":{"@id":"https:\/\/groetschelgruppe.de\/en\/groetschel-gmbh-receives-top-employer-award-2024\/#primaryimage"},"image":{"@id":"https:\/\/groetschelgruppe.de\/en\/groetschel-gmbh-receives-top-employer-award-2024\/#primaryimage"},"thumbnailUrl":"https:\/\/groetschelgruppe.de\/wp-content\/uploads\/2025\/05\/Datei_0B00863B-80DA-45FB-BBB6-0BE772297E68-scaled.jpeg","datePublished":"2024-09-24T14:57:00+00:00","dateModified":"2026-02-04T14:03:39+00:00","breadcrumb":{"@id":"https:\/\/groetschelgruppe.de\/en\/groetschel-gmbh-receives-top-employer-award-2024\/#breadcrumb"},"inLanguage":"en-US","potentialAction":[{"@type":"ReadAction","target":["https:\/\/groetschelgruppe.de\/en\/groetschel-gmbh-receives-top-employer-award-2024\/"]}]},{"@type":"ImageObject","inLanguage":"en-US","@id":"https:\/\/groetschelgruppe.de\/en\/groetschel-gmbh-receives-top-employer-award-2024\/#primaryimage","url":"https:\/\/groetschelgruppe.de\/wp-content\/uploads\/2025\/05\/Datei_0B00863B-80DA-45FB-BBB6-0BE772297E68-scaled.jpeg","contentUrl":"https:\/\/groetschelgruppe.de\/wp-content\/uploads\/2025\/05\/Datei_0B00863B-80DA-45FB-BBB6-0BE772297E68-scaled.jpeg","width":2560,"height":1707},{"@type":"BreadcrumbList","@id":"https:\/\/groetschelgruppe.de\/en\/groetschel-gmbh-receives-top-employer-award-2024\/#breadcrumb","itemListElement":[{"@type":"ListItem","position":1,"name":"Startseite","item":"https:\/\/groetschelgruppe.de\/en\/home\/"},{"@type":"ListItem","position":2,"name":"Gr\u00f6tschel GmbH receives TOP Employer Award 2024"}]},{"@type":"WebSite","@id":"https:\/\/groetschelgruppe.de\/en\/#website","url":"https:\/\/groetschelgruppe.de\/en\/","name":"Gr\u00f6tschel","description":"Stahl- und Anlagen\u00adbau","publisher":{"@id":"https:\/\/groetschelgruppe.de\/en\/#organization"},"potentialAction":[{"@type":"SearchAction","target":{"@type":"EntryPoint","urlTemplate":"https:\/\/groetschelgruppe.de\/en\/?s={search_term_string}"},"query-input":{"@type":"PropertyValueSpecification","valueRequired":true,"valueName":"search_term_string"}}],"inLanguage":"en-US"},{"@type":"Organization","@id":"https:\/\/groetschelgruppe.de\/en\/#organization","name":"Gr\u00f6tschel GmbH\u2028","url":"https:\/\/groetschelgruppe.de\/en\/","logo":{"@type":"ImageObject","inLanguage":"en-US","@id":"https:\/\/groetschelgruppe.de\/en\/#\/schema\/logo\/image\/","url":"https:\/\/groetschelgruppe.de\/wp-content\/uploads\/2025\/04\/groetschel_text-bildmarke_white.svg","contentUrl":"https:\/\/groetschelgruppe.de\/wp-content\/uploads\/2025\/04\/groetschel_text-bildmarke_white.svg","width":480,"height":143,"caption":"Gr\u00f6tschel GmbH\u2028"},"image":{"@id":"https:\/\/groetschelgruppe.de\/en\/#\/schema\/logo\/image\/"}},{"@type":"Person","@id":"https:\/\/groetschelgruppe.de\/en\/#\/schema\/person\/82a70736e04e3893ea5e11fed05f9041","name":"julius","image":{"@type":"ImageObject","inLanguage":"en-US","@id":"https:\/\/groetschelgruppe.de\/en\/#\/schema\/person\/image\/","url":"https:\/\/secure.gravatar.com\/avatar\/288447d9a1b6fe69b5ea021a992cd8e2244626ee8ba4df470acea69fdff5cb28?s=96&d=mm&r=g","contentUrl":"https:\/\/secure.gravatar.com\/avatar\/288447d9a1b6fe69b5ea021a992cd8e2244626ee8ba4df470acea69fdff5cb28?s=96&d=mm&r=g","caption":"julius"}}]}},"_links":{"self":[{"href":"https:\/\/groetschelgruppe.de\/en\/wp-json\/wp\/v2\/posts\/7906","targetHints":{"allow":["GET"]}}],"collection":[{"href":"https:\/\/groetschelgruppe.de\/en\/wp-json\/wp\/v2\/posts"}],"about":[{"href":"https:\/\/groetschelgruppe.de\/en\/wp-json\/wp\/v2\/types\/post"}],"author":[{"embeddable":true,"href":"https:\/\/groetschelgruppe.de\/en\/wp-json\/wp\/v2\/users\/1"}],"replies":[{"embeddable":true,"href":"https:\/\/groetschelgruppe.de\/en\/wp-json\/wp\/v2\/comments?post=7906"}],"version-history":[{"count":1,"href":"https:\/\/groetschelgruppe.de\/en\/wp-json\/wp\/v2\/posts\/7906\/revisions"}],"predecessor-version":[{"id":7908,"href":"https:\/\/groetschelgruppe.de\/en\/wp-json\/wp\/v2\/posts\/7906\/revisions\/7908"}],"wp:featuredmedia":[{"embeddable":true,"href":"https:\/\/groetschelgruppe.de\/en\/wp-json\/wp\/v2\/media\/7907"}],"wp:attachment":[{"href":"https:\/\/groetschelgruppe.de\/en\/wp-json\/wp\/v2\/media?parent=7906"}],"wp:term":[{"taxonomy":"category","embeddable":true,"href":"https:\/\/groetschelgruppe.de\/en\/wp-json\/wp\/v2\/categories?post=7906"},{"taxonomy":"post_tag","embeddable":true,"href":"https:\/\/groetschelgruppe.de\/en\/wp-json\/wp\/v2\/tags?post=7906"}],"curies":[{"name":"wp","href":"https:\/\/api.w.org\/{rel}","templated":true}]}}