{"id":7872,"date":"2025-01-01T17:05:00","date_gmt":"2025-01-01T16:05:00","guid":{"rendered":"https:\/\/groetschelgruppe.de\/leadership-change-at-groetschel-gmbh\/"},"modified":"2026-02-04T15:02:42","modified_gmt":"2026-02-04T14:02:42","slug":"leadership-change-at-groetschel-gmbh","status":"publish","type":"post","link":"https:\/\/groetschelgruppe.de\/en\/leadership-change-at-groetschel-gmbh\/","title":{"rendered":"Leadership Change at Gr\u00f6tschel GmbH"},"content":{"rendered":"\n<p>Effective January 1, 2025, <strong>Jane Ludwig<\/strong> has assumed operational management of Gr\u00f6tschel GmbH. This change is part of the strategic development of the family-run company based in Lusatia. <\/p>\n\n<p>Jane Ludwig has been part of Gr\u00f6tschel GmbH since 2011. In her role as <strong>Head of Sales and Authorized Signatory<\/strong>, she has significantly contributed to the company&#8217;s success over many years. She brings not only extensive experience and technical expertise but also a clear vision for the future: to further expand Gr\u00f6tschel GmbH&#8217;s position as a reliable solution provider for customized systems in steel and mechanical engineering.  <\/p>\n\n<p><strong>Sven Gr\u00f6tschel<\/strong>, the former Managing Director, has confidently handed over responsibility and will remain associated with the company in an advisory capacity. The management and the entire team sincerely thank him for his commitment and successful leadership over many years. <\/p>\n\n<p>With this change in leadership, Gr\u00f6tschel GmbH sends a clear signal for <strong>continuity, innovation, and customer focus<\/strong> \u2013 and remains true to its motto: <strong>Simply better together.<\/strong><\/p>\n","protected":false},"excerpt":{"rendered":"<p>Effective January 1, 2025, Jane Ludwig has assumed operational management of Gr\u00f6tschel GmbH. This change is part of the strategic development of the family-run company based in Lusatia. <\/p>\n","protected":false},"author":1,"featured_media":7873,"comment_status":"closed","ping_status":"closed","sticky":false,"template":"","format":"standard","meta":{"_acf_changed":false,"footnotes":""},"categories":[80],"tags":[],"class_list":["post-7872","post","type-post","status-publish","format-standard","has-post-thumbnail","hentry","category-insides"],"acf":[],"yoast_head":"<!-- This site is optimized with the Yoast SEO plugin v27.0 - https:\/\/yoast.com\/product\/yoast-seo-wordpress\/ -->\n<title>Leadership Change at Gr\u00f6tschel GmbH | Gr\u00f6tschel<\/title>\n<meta name=\"robots\" content=\"index, follow, max-snippet:-1, max-image-preview:large, max-video-preview:-1\" \/>\n<link rel=\"canonical\" href=\"https:\/\/groetschelgruppe.de\/en\/leadership-change-at-groetschel-gmbh\/\" \/>\n<meta property=\"og:locale\" content=\"en_US\" \/>\n<meta property=\"og:type\" content=\"article\" \/>\n<meta property=\"og:title\" content=\"Leadership Change at Gr\u00f6tschel GmbH | Gr\u00f6tschel\" \/>\n<meta property=\"og:description\" content=\"Effective January 1, 2025, Jane Ludwig has assumed operational management of Gr\u00f6tschel GmbH. This change is part of the strategic development of the family-run company based in Lusatia.\" \/>\n<meta property=\"og:url\" content=\"https:\/\/groetschelgruppe.de\/en\/leadership-change-at-groetschel-gmbh\/\" \/>\n<meta property=\"og:site_name\" content=\"Gr\u00f6tschel\" \/>\n<meta property=\"article:published_time\" content=\"2025-01-01T16:05:00+00:00\" \/>\n<meta property=\"article:modified_time\" content=\"2026-02-04T14:02:42+00:00\" \/>\n<meta property=\"og:image\" content=\"https:\/\/groetschelgruppe.de\/wp-content\/uploads\/2025\/05\/2504-Jane-Ludwig_Sven.jpg\" \/>\n\t<meta property=\"og:image:width\" content=\"2048\" \/>\n\t<meta property=\"og:image:height\" content=\"1842\" \/>\n\t<meta property=\"og:image:type\" content=\"image\/jpeg\" \/>\n<meta name=\"author\" content=\"julius\" \/>\n<meta name=\"twitter:card\" content=\"summary_large_image\" \/>\n<meta name=\"twitter:label1\" content=\"Written by\" \/>\n\t<meta name=\"twitter:data1\" content=\"julius\" \/>\n\t<meta name=\"twitter:label2\" content=\"Est. reading time\" \/>\n\t<meta name=\"twitter:data2\" content=\"1 minute\" \/>\n<script type=\"application\/ld+json\" class=\"yoast-schema-graph\">{\"@context\":\"https:\/\/schema.org\",\"@graph\":[{\"@type\":\"Article\",\"@id\":\"https:\/\/groetschelgruppe.de\/en\/leadership-change-at-groetschel-gmbh\/#article\",\"isPartOf\":{\"@id\":\"https:\/\/groetschelgruppe.de\/en\/leadership-change-at-groetschel-gmbh\/\"},\"author\":{\"name\":\"julius\",\"@id\":\"https:\/\/groetschelgruppe.de\/en\/#\/schema\/person\/82a70736e04e3893ea5e11fed05f9041\"},\"headline\":\"Leadership Change at Gr\u00f6tschel GmbH\",\"datePublished\":\"2025-01-01T16:05:00+00:00\",\"dateModified\":\"2026-02-04T14:02:42+00:00\",\"mainEntityOfPage\":{\"@id\":\"https:\/\/groetschelgruppe.de\/en\/leadership-change-at-groetschel-gmbh\/\"},\"wordCount\":171,\"publisher\":{\"@id\":\"https:\/\/groetschelgruppe.de\/en\/#organization\"},\"image\":{\"@id\":\"https:\/\/groetschelgruppe.de\/en\/leadership-change-at-groetschel-gmbh\/#primaryimage\"},\"thumbnailUrl\":\"https:\/\/groetschelgruppe.de\/wp-content\/uploads\/2025\/05\/2504-Jane-Ludwig_Sven.jpg\",\"articleSection\":[\"Insides\"],\"inLanguage\":\"en-US\"},{\"@type\":\"WebPage\",\"@id\":\"https:\/\/groetschelgruppe.de\/en\/leadership-change-at-groetschel-gmbh\/\",\"url\":\"https:\/\/groetschelgruppe.de\/en\/leadership-change-at-groetschel-gmbh\/\",\"name\":\"Leadership Change at Gr\u00f6tschel GmbH | Gr\u00f6tschel\",\"isPartOf\":{\"@id\":\"https:\/\/groetschelgruppe.de\/en\/#website\"},\"primaryImageOfPage\":{\"@id\":\"https:\/\/groetschelgruppe.de\/en\/leadership-change-at-groetschel-gmbh\/#primaryimage\"},\"image\":{\"@id\":\"https:\/\/groetschelgruppe.de\/en\/leadership-change-at-groetschel-gmbh\/#primaryimage\"},\"thumbnailUrl\":\"https:\/\/groetschelgruppe.de\/wp-content\/uploads\/2025\/05\/2504-Jane-Ludwig_Sven.jpg\",\"datePublished\":\"2025-01-01T16:05:00+00:00\",\"dateModified\":\"2026-02-04T14:02:42+00:00\",\"breadcrumb\":{\"@id\":\"https:\/\/groetschelgruppe.de\/en\/leadership-change-at-groetschel-gmbh\/#breadcrumb\"},\"inLanguage\":\"en-US\",\"potentialAction\":[{\"@type\":\"ReadAction\",\"target\":[\"https:\/\/groetschelgruppe.de\/en\/leadership-change-at-groetschel-gmbh\/\"]}]},{\"@type\":\"ImageObject\",\"inLanguage\":\"en-US\",\"@id\":\"https:\/\/groetschelgruppe.de\/en\/leadership-change-at-groetschel-gmbh\/#primaryimage\",\"url\":\"https:\/\/groetschelgruppe.de\/wp-content\/uploads\/2025\/05\/2504-Jane-Ludwig_Sven.jpg\",\"contentUrl\":\"https:\/\/groetschelgruppe.de\/wp-content\/uploads\/2025\/05\/2504-Jane-Ludwig_Sven.jpg\",\"width\":2048,\"height\":1842},{\"@type\":\"BreadcrumbList\",\"@id\":\"https:\/\/groetschelgruppe.de\/en\/leadership-change-at-groetschel-gmbh\/#breadcrumb\",\"itemListElement\":[{\"@type\":\"ListItem\",\"position\":1,\"name\":\"Startseite\",\"item\":\"https:\/\/groetschelgruppe.de\/en\/home\/\"},{\"@type\":\"ListItem\",\"position\":2,\"name\":\"Leadership Change at Gr\u00f6tschel GmbH\"}]},{\"@type\":\"WebSite\",\"@id\":\"https:\/\/groetschelgruppe.de\/en\/#website\",\"url\":\"https:\/\/groetschelgruppe.de\/en\/\",\"name\":\"Gr\u00f6tschel\",\"description\":\"Stahl- und Anlagen\u00adbau\",\"publisher\":{\"@id\":\"https:\/\/groetschelgruppe.de\/en\/#organization\"},\"potentialAction\":[{\"@type\":\"SearchAction\",\"target\":{\"@type\":\"EntryPoint\",\"urlTemplate\":\"https:\/\/groetschelgruppe.de\/en\/?s={search_term_string}\"},\"query-input\":{\"@type\":\"PropertyValueSpecification\",\"valueRequired\":true,\"valueName\":\"search_term_string\"}}],\"inLanguage\":\"en-US\"},{\"@type\":\"Organization\",\"@id\":\"https:\/\/groetschelgruppe.de\/en\/#organization\",\"name\":\"Gr\u00f6tschel GmbH\\u2028\",\"url\":\"https:\/\/groetschelgruppe.de\/en\/\",\"logo\":{\"@type\":\"ImageObject\",\"inLanguage\":\"en-US\",\"@id\":\"https:\/\/groetschelgruppe.de\/en\/#\/schema\/logo\/image\/\",\"url\":\"https:\/\/groetschelgruppe.de\/wp-content\/uploads\/2025\/04\/groetschel_text-bildmarke_white.svg\",\"contentUrl\":\"https:\/\/groetschelgruppe.de\/wp-content\/uploads\/2025\/04\/groetschel_text-bildmarke_white.svg\",\"width\":480,\"height\":143,\"caption\":\"Gr\u00f6tschel GmbH\\u2028\"},\"image\":{\"@id\":\"https:\/\/groetschelgruppe.de\/en\/#\/schema\/logo\/image\/\"}},{\"@type\":\"Person\",\"@id\":\"https:\/\/groetschelgruppe.de\/en\/#\/schema\/person\/82a70736e04e3893ea5e11fed05f9041\",\"name\":\"julius\",\"image\":{\"@type\":\"ImageObject\",\"inLanguage\":\"en-US\",\"@id\":\"https:\/\/groetschelgruppe.de\/en\/#\/schema\/person\/image\/\",\"url\":\"https:\/\/secure.gravatar.com\/avatar\/288447d9a1b6fe69b5ea021a992cd8e2244626ee8ba4df470acea69fdff5cb28?s=96&d=mm&r=g\",\"contentUrl\":\"https:\/\/secure.gravatar.com\/avatar\/288447d9a1b6fe69b5ea021a992cd8e2244626ee8ba4df470acea69fdff5cb28?s=96&d=mm&r=g\",\"caption\":\"julius\"}}]}<\/script>\n<!-- \/ Yoast SEO plugin. -->","yoast_head_json":{"title":"Leadership Change at Gr\u00f6tschel GmbH | Gr\u00f6tschel","robots":{"index":"index","follow":"follow","max-snippet":"max-snippet:-1","max-image-preview":"max-image-preview:large","max-video-preview":"max-video-preview:-1"},"canonical":"https:\/\/groetschelgruppe.de\/en\/leadership-change-at-groetschel-gmbh\/","og_locale":"en_US","og_type":"article","og_title":"Leadership Change at Gr\u00f6tschel GmbH | Gr\u00f6tschel","og_description":"Effective January 1, 2025, Jane Ludwig has assumed operational management of Gr\u00f6tschel GmbH. This change is part of the strategic development of the family-run company based in Lusatia.","og_url":"https:\/\/groetschelgruppe.de\/en\/leadership-change-at-groetschel-gmbh\/","og_site_name":"Gr\u00f6tschel","article_published_time":"2025-01-01T16:05:00+00:00","article_modified_time":"2026-02-04T14:02:42+00:00","og_image":[{"width":2048,"height":1842,"url":"https:\/\/groetschelgruppe.de\/wp-content\/uploads\/2025\/05\/2504-Jane-Ludwig_Sven.jpg","type":"image\/jpeg"}],"author":"julius","twitter_card":"summary_large_image","twitter_misc":{"Written by":"julius","Est. reading time":"1 minute"},"schema":{"@context":"https:\/\/schema.org","@graph":[{"@type":"Article","@id":"https:\/\/groetschelgruppe.de\/en\/leadership-change-at-groetschel-gmbh\/#article","isPartOf":{"@id":"https:\/\/groetschelgruppe.de\/en\/leadership-change-at-groetschel-gmbh\/"},"author":{"name":"julius","@id":"https:\/\/groetschelgruppe.de\/en\/#\/schema\/person\/82a70736e04e3893ea5e11fed05f9041"},"headline":"Leadership Change at Gr\u00f6tschel GmbH","datePublished":"2025-01-01T16:05:00+00:00","dateModified":"2026-02-04T14:02:42+00:00","mainEntityOfPage":{"@id":"https:\/\/groetschelgruppe.de\/en\/leadership-change-at-groetschel-gmbh\/"},"wordCount":171,"publisher":{"@id":"https:\/\/groetschelgruppe.de\/en\/#organization"},"image":{"@id":"https:\/\/groetschelgruppe.de\/en\/leadership-change-at-groetschel-gmbh\/#primaryimage"},"thumbnailUrl":"https:\/\/groetschelgruppe.de\/wp-content\/uploads\/2025\/05\/2504-Jane-Ludwig_Sven.jpg","articleSection":["Insides"],"inLanguage":"en-US"},{"@type":"WebPage","@id":"https:\/\/groetschelgruppe.de\/en\/leadership-change-at-groetschel-gmbh\/","url":"https:\/\/groetschelgruppe.de\/en\/leadership-change-at-groetschel-gmbh\/","name":"Leadership Change at Gr\u00f6tschel GmbH | Gr\u00f6tschel","isPartOf":{"@id":"https:\/\/groetschelgruppe.de\/en\/#website"},"primaryImageOfPage":{"@id":"https:\/\/groetschelgruppe.de\/en\/leadership-change-at-groetschel-gmbh\/#primaryimage"},"image":{"@id":"https:\/\/groetschelgruppe.de\/en\/leadership-change-at-groetschel-gmbh\/#primaryimage"},"thumbnailUrl":"https:\/\/groetschelgruppe.de\/wp-content\/uploads\/2025\/05\/2504-Jane-Ludwig_Sven.jpg","datePublished":"2025-01-01T16:05:00+00:00","dateModified":"2026-02-04T14:02:42+00:00","breadcrumb":{"@id":"https:\/\/groetschelgruppe.de\/en\/leadership-change-at-groetschel-gmbh\/#breadcrumb"},"inLanguage":"en-US","potentialAction":[{"@type":"ReadAction","target":["https:\/\/groetschelgruppe.de\/en\/leadership-change-at-groetschel-gmbh\/"]}]},{"@type":"ImageObject","inLanguage":"en-US","@id":"https:\/\/groetschelgruppe.de\/en\/leadership-change-at-groetschel-gmbh\/#primaryimage","url":"https:\/\/groetschelgruppe.de\/wp-content\/uploads\/2025\/05\/2504-Jane-Ludwig_Sven.jpg","contentUrl":"https:\/\/groetschelgruppe.de\/wp-content\/uploads\/2025\/05\/2504-Jane-Ludwig_Sven.jpg","width":2048,"height":1842},{"@type":"BreadcrumbList","@id":"https:\/\/groetschelgruppe.de\/en\/leadership-change-at-groetschel-gmbh\/#breadcrumb","itemListElement":[{"@type":"ListItem","position":1,"name":"Startseite","item":"https:\/\/groetschelgruppe.de\/en\/home\/"},{"@type":"ListItem","position":2,"name":"Leadership Change at Gr\u00f6tschel GmbH"}]},{"@type":"WebSite","@id":"https:\/\/groetschelgruppe.de\/en\/#website","url":"https:\/\/groetschelgruppe.de\/en\/","name":"Gr\u00f6tschel","description":"Stahl- und Anlagen\u00adbau","publisher":{"@id":"https:\/\/groetschelgruppe.de\/en\/#organization"},"potentialAction":[{"@type":"SearchAction","target":{"@type":"EntryPoint","urlTemplate":"https:\/\/groetschelgruppe.de\/en\/?s={search_term_string}"},"query-input":{"@type":"PropertyValueSpecification","valueRequired":true,"valueName":"search_term_string"}}],"inLanguage":"en-US"},{"@type":"Organization","@id":"https:\/\/groetschelgruppe.de\/en\/#organization","name":"Gr\u00f6tschel GmbH\u2028","url":"https:\/\/groetschelgruppe.de\/en\/","logo":{"@type":"ImageObject","inLanguage":"en-US","@id":"https:\/\/groetschelgruppe.de\/en\/#\/schema\/logo\/image\/","url":"https:\/\/groetschelgruppe.de\/wp-content\/uploads\/2025\/04\/groetschel_text-bildmarke_white.svg","contentUrl":"https:\/\/groetschelgruppe.de\/wp-content\/uploads\/2025\/04\/groetschel_text-bildmarke_white.svg","width":480,"height":143,"caption":"Gr\u00f6tschel GmbH\u2028"},"image":{"@id":"https:\/\/groetschelgruppe.de\/en\/#\/schema\/logo\/image\/"}},{"@type":"Person","@id":"https:\/\/groetschelgruppe.de\/en\/#\/schema\/person\/82a70736e04e3893ea5e11fed05f9041","name":"julius","image":{"@type":"ImageObject","inLanguage":"en-US","@id":"https:\/\/groetschelgruppe.de\/en\/#\/schema\/person\/image\/","url":"https:\/\/secure.gravatar.com\/avatar\/288447d9a1b6fe69b5ea021a992cd8e2244626ee8ba4df470acea69fdff5cb28?s=96&d=mm&r=g","contentUrl":"https:\/\/secure.gravatar.com\/avatar\/288447d9a1b6fe69b5ea021a992cd8e2244626ee8ba4df470acea69fdff5cb28?s=96&d=mm&r=g","caption":"julius"}}]}},"_links":{"self":[{"href":"https:\/\/groetschelgruppe.de\/en\/wp-json\/wp\/v2\/posts\/7872","targetHints":{"allow":["GET"]}}],"collection":[{"href":"https:\/\/groetschelgruppe.de\/en\/wp-json\/wp\/v2\/posts"}],"about":[{"href":"https:\/\/groetschelgruppe.de\/en\/wp-json\/wp\/v2\/types\/post"}],"author":[{"embeddable":true,"href":"https:\/\/groetschelgruppe.de\/en\/wp-json\/wp\/v2\/users\/1"}],"replies":[{"embeddable":true,"href":"https:\/\/groetschelgruppe.de\/en\/wp-json\/wp\/v2\/comments?post=7872"}],"version-history":[{"count":1,"href":"https:\/\/groetschelgruppe.de\/en\/wp-json\/wp\/v2\/posts\/7872\/revisions"}],"predecessor-version":[{"id":7874,"href":"https:\/\/groetschelgruppe.de\/en\/wp-json\/wp\/v2\/posts\/7872\/revisions\/7874"}],"wp:featuredmedia":[{"embeddable":true,"href":"https:\/\/groetschelgruppe.de\/en\/wp-json\/wp\/v2\/media\/7873"}],"wp:attachment":[{"href":"https:\/\/groetschelgruppe.de\/en\/wp-json\/wp\/v2\/media?parent=7872"}],"wp:term":[{"taxonomy":"category","embeddable":true,"href":"https:\/\/groetschelgruppe.de\/en\/wp-json\/wp\/v2\/categories?post=7872"},{"taxonomy":"post_tag","embeddable":true,"href":"https:\/\/groetschelgruppe.de\/en\/wp-json\/wp\/v2\/tags?post=7872"}],"curies":[{"name":"wp","href":"https:\/\/api.w.org\/{rel}","templated":true}]}}